{"id":51712,"date":"2026-08-05T04:25:14","date_gmt":"2026-08-05T04:25:14","guid":{"rendered":"https:\/\/www.vtmarkets.com\/fr-latam\/uncategorized\/schmid-de-la-fed-de-kansas-city-avertit-que-linflation-reste-preoccupante-et-pointe-les-depenses-liees-a-lia-comme-un-possible-facteur-de-hausse-des-prix\/"},"modified":"2026-08-05T04:25:14","modified_gmt":"2026-08-05T04:25:14","slug":"schmid-de-la-fed-de-kansas-city-avertit-que-linflation-reste-preoccupante-et-pointe-les-depenses-liees-a-lia-comme-un-possible-facteur-de-hausse-des-prix","status":"publish","type":"post","link":"https:\/\/www.vtmarkets.com\/fr-latam\/live-updates\/schmid-de-la-fed-de-kansas-city-avertit-que-linflation-reste-preoccupante-et-pointe-les-depenses-liees-a-lia-comme-un-possible-facteur-de-hausse-des-prix\/","title":{"rendered":"Schmid, de la Fed de Kansas City, avertit que l\u2019inflation reste pr\u00e9occupante et pointe les d\u00e9penses li\u00e9es \u00e0 l\u2019IA comme un possible facteur de hausse des prix"},"content":{"rendered":"<p>Le pr\u00e9sident de la Fed de Kansas City, Jeff Schmid, a d\u00e9clar\u00e9 que la politique mon\u00e9taire devait \u00eatre plus restrictive pour ramener l\u2019inflation vers l\u2019objectif de 2 % de la R\u00e9serve f\u00e9d\u00e9rale. Il a qualifi\u00e9 les tensions sur les prix de \u00ab trop \u00e9lev\u00e9es \u00bb et \u00ab pr\u00e9occupantes \u00bb, estimant que l\u2019orientation actuelle n\u2019est pas restrictive. Il a point\u00e9 l\u2019investissement li\u00e9 \u00e0 l\u2019IA comme une source potentielle d\u2019inflation que les d\u00e9cideurs ne devraient pas n\u00e9gliger, y compris lorsque l\u2019inflation provient de chocs d\u2019offre. Schmid a \u00e9galement indiqu\u00e9 que l\u2019\u00e9conomie restait r\u00e9siliente, que le march\u00e9 du travail semblait globalement \u00e9quilibr\u00e9, et que l\u2019indicateur PCE \u00e9tait la mesure privil\u00e9gi\u00e9e pour \u00e9valuer l\u2019inflation ; il s\u2019est f\u00e9licit\u00e9 des derniers chiffres d\u2019inflation mais a jug\u00e9 qu\u2019il \u00e9tait trop t\u00f4t pour confirmer une tendance durable \u00e0 l\u2019accalmie, tout en avertissant que le repli des co\u00fbts de l\u2019\u00e9nergie pourrait s\u2019av\u00e9rer temporaire.  <\/p>\n\n<p>Les march\u00e9s ont peu r\u00e9agi dans l\u2019imm\u00e9diat : l\u2019indice du dollar am\u00e9ricain (DXY) reculait de 0,02 %, autour de 99,85. Une \u00e9valuation distincte de FXS Speechtracker a not\u00e9 les propos \u00e0 7,3\/10, l\u00e9g\u00e8rement au-dessus de la moyenne historique de 7\/10, tandis que le FXS Fed Sentiment Index a perdu 0,96 point \u00e0 145,80, restant au-dessus du seuil neutre de 100.<\/p>\n\n<h3>Un dollar plus fort attendu sur fond de signaux restrictifs de la Fed<\/h3>\n\n<p>Nous pensons que les op\u00e9rateurs sur d\u00e9riv\u00e9s devraient se pr\u00e9parer \u00e0 un renforcement du dollar am\u00e9ricain dans les semaines \u00e0 venir, alors que les responsables laissent entendre que les taux pourraient devoir monter davantage. Avec un indice du dollar (DXY) qui \u00e9volue actuellement autour de 99,85, le march\u00e9 semble sous-estimer la d\u00e9termination restrictive de la R\u00e9serve f\u00e9d\u00e9rale. Si l\u2019inflation demeure tenace, nous anticipons un net rattrapage haussier du dollar, ce qui rend les options d\u2019achat (calls) longues sur USD particuli\u00e8rement attractives \u00e0 ce stade.<\/p>\n\n<h3>Investissements dans l\u2019IA et inflation persistante : moteurs des strat\u00e9gies<\/h3>\n\n<p>Notre analyse s\u2019appuie sur les flux massifs de capitaux vers l\u2019intelligence artificielle, les g\u00e9ants de la tech \u00e9tant attendus \u00e0 plus de 200 milliards de dollars de d\u00e9penses dans les infrastructures d\u2019IA en 2026, ce qui alimente la demande dans l\u2019\u00e9conomie au sens large. Les derni\u00e8res donn\u00e9es montrent que l\u2019indice des prix des d\u00e9penses de consommation personnelle (PCE) \u00ab core \u00bb reste au-dessus de l\u2019objectif privil\u00e9gi\u00e9 de 2 %, se maintenant \u00e0 2,6 % selon les derni\u00e8res publications. Cette pression persistante implique que la banque centrale a peu de chances d\u2019assouplir sa politique aussi vite que ne l\u2019anticipe actuellement le march\u00e9 des futures.<\/p>\n\n<p>Pour tirer parti de ce d\u00e9calage, nous recommandons aux traders de se pencher de pr\u00e8s sur les futures de taux, notamment en vendant des contrats SOFR (Secured Overnight Financing Rate) \u00e0 courte \u00e9ch\u00e9ance. Historiquement, lorsque les indicateurs de sentiment de la Fed restent nettement restrictifs \u2014 comme le montre l\u2019indice actuel, bien au-dessus de la neutralit\u00e9 \u00e0 145,80 \u2014 le march\u00e9 est finalement contraint de retirer de ses prix l\u2019hypoth\u00e8se de baisses de taux agressives. L\u2019achat d\u2019options de vente (puts) sur des futures de Treasuries ou la mise en place de swaps de taux \u00e0 biais baissier aideront \u00e0 prot\u00e9ger les portefeuilles contre un brusque durcissement du ton dans les prochaines semaines.<\/p>\n\n\n\r\n<p class=\"wp-block-paragraph\"><b>Commencez \u00e0 trader d\u00e8s maintenant \u2014 cliquez <a href=\"https:\/\/www.vtmarkets.com\/fr-latam\/trade-now\/\">ici<\/a> pour cr\u00e9er votre compte r\u00e9el VT Markets.<\/b>\n\r\n<\/p>","protected":false},"excerpt":{"rendered":"<p>Alerte Fed : Schmid juge la politique pas assez restrictive face \u00e0 une inflation \u00ab pr\u00e9occupante \u00bb, dop\u00e9e par l\u2019IA. Malgr\u00e9 un DXY stable, le march\u00e9 sous-pricerait des hausses de taux et un dollar plus fort.<\/p>\n","protected":false},"author":87,"featured_media":49261,"comment_status":"","ping_status":"open","sticky":false,"template":"","format":"standard","meta":{"_acf_changed":false,"footnotes":""},"categories":[10],"tags":[],"class_list":["post-51712","post","type-post","status-publish","format-standard","has-post-thumbnail","hentry","category-live-updates"],"acf":{"acf_article_selection_author":null},"aioseo_notices":[],"aioseo_head":"\n\t\t<!-- All in One SEO Pro 5.0.1.1 - aioseo.com -->\n\t<meta name=\"description\" content=\"Alerte Fed : Schmid juge la politique pas assez restrictive face \u00e0 une inflation \u00ab pr\u00e9occupante \u00bb, dop\u00e9e par l\u2019IA. Malgr\u00e9 un DXY stable, le march\u00e9 sous-pricerait des hausses de taux et un dollar plus fort.\" \/>\n\t<meta name=\"robots\" content=\"max-snippet:-1, max-image-preview:large, max-video-preview:-1\" \/>\n\t<link rel=\"canonical\" href=\"https:\/\/www.vtmarkets.com\/fr-latam\/live-updates\/schmid-de-la-fed-de-kansas-city-avertit-que-linflation-reste-preoccupante-et-pointe-les-depenses-liees-a-lia-comme-un-possible-facteur-de-hausse-des-prix\/\" \/>\n\t<meta name=\"generator\" content=\"All in One SEO Pro (AIOSEO) 5.0.1.1\" \/>\n\t\t<meta property=\"og:locale\" content=\"en_US\" \/>\n\t\t<meta property=\"og:site_name\" content=\"VT Markets -\" \/>\n\t\t<meta property=\"og:type\" content=\"article\" \/>\n\t\t<meta property=\"og:title\" content=\"Schmid, de la Fed de Kansas City, avertit que l\u2019inflation reste pr\u00e9occupante et pointe les d\u00e9penses li\u00e9es \u00e0 l\u2019IA comme un possible facteur de hausse des prix - VT Markets\" \/>\n\t\t<meta property=\"og:description\" content=\"Alerte Fed : Schmid juge la politique pas assez restrictive face \u00e0 une inflation \u00ab pr\u00e9occupante \u00bb, dop\u00e9e par l\u2019IA. Malgr\u00e9 un DXY stable, le march\u00e9 sous-pricerait des hausses de taux et un dollar plus fort.\" \/>\n\t\t<meta property=\"og:url\" content=\"https:\/\/www.vtmarkets.com\/fr-latam\/live-updates\/schmid-de-la-fed-de-kansas-city-avertit-que-linflation-reste-preoccupante-et-pointe-les-depenses-liees-a-lia-comme-un-possible-facteur-de-hausse-des-prix\/\" \/>\n\t\t<meta property=\"article:published_time\" content=\"2026-08-05T04:25:14+00:00\" \/>\n\t\t<meta property=\"article:modified_time\" content=\"2026-08-05T04:25:14+00:00\" \/>\n\t\t<meta name=\"twitter:card\" content=\"summary_large_image\" \/>\n\t\t<meta name=\"twitter:title\" content=\"Schmid, de la Fed de Kansas City, avertit que l\u2019inflation reste pr\u00e9occupante et pointe les d\u00e9penses li\u00e9es \u00e0 l\u2019IA comme un possible facteur de hausse des prix - VT Markets\" \/>\n\t\t<meta name=\"twitter:description\" content=\"Alerte Fed : Schmid juge la politique pas assez restrictive face \u00e0 une inflation \u00ab pr\u00e9occupante \u00bb, dop\u00e9e par l\u2019IA. Malgr\u00e9 un DXY stable, le march\u00e9 sous-pricerait des hausses de taux et un dollar plus fort.\" \/>\n\t\t<script type=\"application\/ld+json\" class=\"aioseo-schema\">\n\t\t\t{\"@context\":\"https:\\\/\\\/schema.org\",\"@graph\":[{\"@type\":\"BlogPosting\",\"@id\":\"https:\\\/\\\/www.vtmarkets.com\\\/fr-latam\\\/live-updates\\\/schmid-de-la-fed-de-kansas-city-avertit-que-linflation-reste-preoccupante-et-pointe-les-depenses-liees-a-lia-comme-un-possible-facteur-de-hausse-des-prix\\\/#blogposting\",\"name\":\"Schmid, de la Fed de Kansas City, avertit que l\\u2019inflation reste pr\\u00e9occupante et pointe les d\\u00e9penses li\\u00e9es \\u00e0 l\\u2019IA comme un possible facteur de hausse des prix - VT Markets\",\"headline\":\"Schmid, de la Fed de Kansas City, avertit que l\\u2019inflation reste pr\\u00e9occupante et pointe les d\\u00e9penses li\\u00e9es \\u00e0 l\\u2019IA comme un possible facteur de hausse des prix\",\"author\":{\"@id\":\"https:\\\/\\\/www.vtmarkets.com\\\/fr-latam\\\/author\\\/josephine\\\/#author\"},\"publisher\":{\"@id\":\"https:\\\/\\\/www.vtmarkets.com\\\/fr-latam\\\/#organization\"},\"image\":{\"@type\":\"ImageObject\",\"url\":\"https:\\\/\\\/www.vtmarkets.com\\\/fr-latam\\\/wp-content\\\/uploads\\\/sites\\\/26\\\/2026\\\/06\\\/usd4.png\",\"width\":1408,\"height\":768,\"caption\":\"Neon-lit $100 bill overlaid with a stock chart showing an upward trend,expressing financial growth.\"},\"datePublished\":\"2026-08-05T04:25:14+00:00\",\"dateModified\":\"2026-08-05T04:25:14+00:00\",\"inLanguage\":\"en-US\",\"mainEntityOfPage\":{\"@id\":\"https:\\\/\\\/www.vtmarkets.com\\\/fr-latam\\\/live-updates\\\/schmid-de-la-fed-de-kansas-city-avertit-que-linflation-reste-preoccupante-et-pointe-les-depenses-liees-a-lia-comme-un-possible-facteur-de-hausse-des-prix\\\/#webpage\"},\"isPartOf\":{\"@id\":\"https:\\\/\\\/www.vtmarkets.com\\\/fr-latam\\\/live-updates\\\/schmid-de-la-fed-de-kansas-city-avertit-que-linflation-reste-preoccupante-et-pointe-les-depenses-liees-a-lia-comme-un-possible-facteur-de-hausse-des-prix\\\/#webpage\"},\"articleSection\":\"Live Updates\"},{\"@type\":\"BreadcrumbList\",\"@id\":\"https:\\\/\\\/www.vtmarkets.com\\\/fr-latam\\\/live-updates\\\/schmid-de-la-fed-de-kansas-city-avertit-que-linflation-reste-preoccupante-et-pointe-les-depenses-liees-a-lia-comme-un-possible-facteur-de-hausse-des-prix\\\/#breadcrumblist\",\"itemListElement\":[{\"@type\":\"ListItem\",\"@id\":\"https:\\\/\\\/www.vtmarkets.com\\\/fr-latam#listItem\",\"position\":1,\"name\":\"Home\",\"item\":\"https:\\\/\\\/www.vtmarkets.com\\\/fr-latam\",\"nextItem\":{\"@type\":\"ListItem\",\"@id\":\"https:\\\/\\\/www.vtmarkets.com\\\/fr-latam\\\/category\\\/live-updates\\\/#listItem\",\"name\":\"Live Updates\"}},{\"@type\":\"ListItem\",\"@id\":\"https:\\\/\\\/www.vtmarkets.com\\\/fr-latam\\\/category\\\/live-updates\\\/#listItem\",\"position\":2,\"name\":\"Live Updates\",\"item\":\"https:\\\/\\\/www.vtmarkets.com\\\/fr-latam\\\/category\\\/live-updates\\\/\",\"nextItem\":{\"@type\":\"ListItem\",\"@id\":\"https:\\\/\\\/www.vtmarkets.com\\\/fr-latam\\\/live-updates\\\/schmid-de-la-fed-de-kansas-city-avertit-que-linflation-reste-preoccupante-et-pointe-les-depenses-liees-a-lia-comme-un-possible-facteur-de-hausse-des-prix\\\/#listItem\",\"name\":\"Schmid, de la Fed de Kansas City, avertit que l\\u2019inflation reste pr\\u00e9occupante et pointe les d\\u00e9penses li\\u00e9es \\u00e0 l\\u2019IA comme un possible facteur de hausse des prix\"},\"previousItem\":{\"@type\":\"ListItem\",\"@id\":\"https:\\\/\\\/www.vtmarkets.com\\\/fr-latam#listItem\",\"name\":\"Home\"}},{\"@type\":\"ListItem\",\"@id\":\"https:\\\/\\\/www.vtmarkets.com\\\/fr-latam\\\/live-updates\\\/schmid-de-la-fed-de-kansas-city-avertit-que-linflation-reste-preoccupante-et-pointe-les-depenses-liees-a-lia-comme-un-possible-facteur-de-hausse-des-prix\\\/#listItem\",\"position\":3,\"name\":\"Schmid, de la Fed de Kansas City, avertit que l\\u2019inflation reste pr\\u00e9occupante et pointe les d\\u00e9penses li\\u00e9es \\u00e0 l\\u2019IA comme un possible facteur de hausse des prix\",\"previousItem\":{\"@type\":\"ListItem\",\"@id\":\"https:\\\/\\\/www.vtmarkets.com\\\/fr-latam\\\/category\\\/live-updates\\\/#listItem\",\"name\":\"Live Updates\"}}]},{\"@type\":\"Organization\",\"@id\":\"https:\\\/\\\/www.vtmarkets.com\\\/fr-latam\\\/#organization\",\"name\":\"VT Markets\",\"url\":\"https:\\\/\\\/www.vtmarkets.com\\\/fr-latam\\\/\"},{\"@type\":\"Person\",\"@id\":\"https:\\\/\\\/www.vtmarkets.com\\\/fr-latam\\\/author\\\/josephine\\\/#author\",\"url\":\"https:\\\/\\\/www.vtmarkets.com\\\/fr-latam\\\/author\\\/josephine\\\/\",\"name\":\"josephine\",\"image\":{\"@type\":\"ImageObject\",\"@id\":\"https:\\\/\\\/www.vtmarkets.com\\\/fr-latam\\\/live-updates\\\/schmid-de-la-fed-de-kansas-city-avertit-que-linflation-reste-preoccupante-et-pointe-les-depenses-liees-a-lia-comme-un-possible-facteur-de-hausse-des-prix\\\/#authorImage\",\"url\":\"https:\\\/\\\/secure.gravatar.com\\\/avatar\\\/7809ddd0668c6cd297bde70914f1903a959aa8d1a194930855d6c5b37e53a6f0?s=96&d=mm&r=g\",\"width\":96,\"height\":96,\"caption\":\"josephine\"}},{\"@type\":\"WebPage\",\"@id\":\"https:\\\/\\\/www.vtmarkets.com\\\/fr-latam\\\/live-updates\\\/schmid-de-la-fed-de-kansas-city-avertit-que-linflation-reste-preoccupante-et-pointe-les-depenses-liees-a-lia-comme-un-possible-facteur-de-hausse-des-prix\\\/#webpage\",\"url\":\"https:\\\/\\\/www.vtmarkets.com\\\/fr-latam\\\/live-updates\\\/schmid-de-la-fed-de-kansas-city-avertit-que-linflation-reste-preoccupante-et-pointe-les-depenses-liees-a-lia-comme-un-possible-facteur-de-hausse-des-prix\\\/\",\"name\":\"Schmid, de la Fed de Kansas City, avertit que l\\u2019inflation reste pr\\u00e9occupante et pointe les d\\u00e9penses li\\u00e9es \\u00e0 l\\u2019IA comme un possible facteur de hausse des prix - VT Markets\",\"description\":\"Alerte Fed : Schmid juge la politique pas assez restrictive face \\u00e0 une inflation \\u00ab pr\\u00e9occupante \\u00bb, dop\\u00e9e par l\\u2019IA. Malgr\\u00e9 un DXY stable, le march\\u00e9 sous-pricerait des hausses de taux et un dollar plus fort.\",\"inLanguage\":\"en-US\",\"isPartOf\":{\"@id\":\"https:\\\/\\\/www.vtmarkets.com\\\/fr-latam\\\/#website\"},\"breadcrumb\":{\"@id\":\"https:\\\/\\\/www.vtmarkets.com\\\/fr-latam\\\/live-updates\\\/schmid-de-la-fed-de-kansas-city-avertit-que-linflation-reste-preoccupante-et-pointe-les-depenses-liees-a-lia-comme-un-possible-facteur-de-hausse-des-prix\\\/#breadcrumblist\"},\"author\":{\"@id\":\"https:\\\/\\\/www.vtmarkets.com\\\/fr-latam\\\/author\\\/josephine\\\/#author\"},\"creator\":{\"@id\":\"https:\\\/\\\/www.vtmarkets.com\\\/fr-latam\\\/author\\\/josephine\\\/#author\"},\"image\":{\"@type\":\"ImageObject\",\"url\":\"https:\\\/\\\/www.vtmarkets.com\\\/fr-latam\\\/wp-content\\\/uploads\\\/sites\\\/26\\\/2026\\\/06\\\/usd4.png\",\"@id\":\"https:\\\/\\\/www.vtmarkets.com\\\/fr-latam\\\/live-updates\\\/schmid-de-la-fed-de-kansas-city-avertit-que-linflation-reste-preoccupante-et-pointe-les-depenses-liees-a-lia-comme-un-possible-facteur-de-hausse-des-prix\\\/#mainImage\",\"width\":1408,\"height\":768,\"caption\":\"Neon-lit $100 bill overlaid with a stock chart showing an upward trend,expressing financial growth.\"},\"primaryImageOfPage\":{\"@id\":\"https:\\\/\\\/www.vtmarkets.com\\\/fr-latam\\\/live-updates\\\/schmid-de-la-fed-de-kansas-city-avertit-que-linflation-reste-preoccupante-et-pointe-les-depenses-liees-a-lia-comme-un-possible-facteur-de-hausse-des-prix\\\/#mainImage\"},\"datePublished\":\"2026-08-05T04:25:14+00:00\",\"dateModified\":\"2026-08-05T04:25:14+00:00\"},{\"@type\":\"WebSite\",\"@id\":\"https:\\\/\\\/www.vtmarkets.com\\\/fr-latam\\\/#website\",\"url\":\"https:\\\/\\\/www.vtmarkets.com\\\/fr-latam\\\/\",\"name\":\"VT Markets\",\"inLanguage\":\"en-US\",\"publisher\":{\"@id\":\"https:\\\/\\\/www.vtmarkets.com\\\/fr-latam\\\/#organization\"}}]}\n\t\t<\/script>\n\t\t<!-- All in One SEO Pro -->\r\n\t\t<title>Schmid, de la Fed de Kansas City, avertit que l\u2019inflation reste pr\u00e9occupante et pointe les d\u00e9penses li\u00e9es \u00e0 l\u2019IA comme un possible facteur de hausse des prix - VT Markets<\/title>\n\n","aioseo_head_json":{"title":"Schmid, de la Fed de Kansas City, avertit que l\u2019inflation reste pr\u00e9occupante et pointe les d\u00e9penses li\u00e9es \u00e0 l\u2019IA comme un possible facteur de hausse des prix - VT Markets","description":"Alerte Fed : Schmid juge la politique pas assez restrictive face \u00e0 une inflation \u00ab pr\u00e9occupante \u00bb, dop\u00e9e par l\u2019IA. Malgr\u00e9 un DXY stable, le march\u00e9 sous-pricerait des hausses de taux et un dollar plus fort.","canonical_url":"https:\/\/www.vtmarkets.com\/fr-latam\/live-updates\/schmid-de-la-fed-de-kansas-city-avertit-que-linflation-reste-preoccupante-et-pointe-les-depenses-liees-a-lia-comme-un-possible-facteur-de-hausse-des-prix\/","robots":"max-snippet:-1, max-image-preview:large, max-video-preview:-1","keywords":"","webmasterTools":{"miscellaneous":""},"schema":{"@context":"https:\/\/schema.org","@graph":[{"@type":"BlogPosting","@id":"https:\/\/www.vtmarkets.com\/fr-latam\/live-updates\/schmid-de-la-fed-de-kansas-city-avertit-que-linflation-reste-preoccupante-et-pointe-les-depenses-liees-a-lia-comme-un-possible-facteur-de-hausse-des-prix\/#blogposting","name":"Schmid, de la Fed de Kansas City, avertit que l\u2019inflation reste pr\u00e9occupante et pointe les d\u00e9penses li\u00e9es \u00e0 l\u2019IA comme un possible facteur de hausse des prix - VT Markets","headline":"Schmid, de la Fed de Kansas City, avertit que l\u2019inflation reste pr\u00e9occupante et pointe les d\u00e9penses li\u00e9es \u00e0 l\u2019IA comme un possible facteur de hausse des prix","author":{"@id":"https:\/\/www.vtmarkets.com\/fr-latam\/author\/josephine\/#author"},"publisher":{"@id":"https:\/\/www.vtmarkets.com\/fr-latam\/#organization"},"image":{"@type":"ImageObject","url":"https:\/\/www.vtmarkets.com\/fr-latam\/wp-content\/uploads\/sites\/26\/2026\/06\/usd4.png","width":1408,"height":768,"caption":"Neon-lit $100 bill overlaid with a stock chart showing an upward trend,expressing financial growth."},"datePublished":"2026-08-05T04:25:14+00:00","dateModified":"2026-08-05T04:25:14+00:00","inLanguage":"en-US","mainEntityOfPage":{"@id":"https:\/\/www.vtmarkets.com\/fr-latam\/live-updates\/schmid-de-la-fed-de-kansas-city-avertit-que-linflation-reste-preoccupante-et-pointe-les-depenses-liees-a-lia-comme-un-possible-facteur-de-hausse-des-prix\/#webpage"},"isPartOf":{"@id":"https:\/\/www.vtmarkets.com\/fr-latam\/live-updates\/schmid-de-la-fed-de-kansas-city-avertit-que-linflation-reste-preoccupante-et-pointe-les-depenses-liees-a-lia-comme-un-possible-facteur-de-hausse-des-prix\/#webpage"},"articleSection":"Live Updates"},{"@type":"BreadcrumbList","@id":"https:\/\/www.vtmarkets.com\/fr-latam\/live-updates\/schmid-de-la-fed-de-kansas-city-avertit-que-linflation-reste-preoccupante-et-pointe-les-depenses-liees-a-lia-comme-un-possible-facteur-de-hausse-des-prix\/#breadcrumblist","itemListElement":[{"@type":"ListItem","@id":"https:\/\/www.vtmarkets.com\/fr-latam#listItem","position":1,"name":"Home","item":"https:\/\/www.vtmarkets.com\/fr-latam","nextItem":{"@type":"ListItem","@id":"https:\/\/www.vtmarkets.com\/fr-latam\/category\/live-updates\/#listItem","name":"Live Updates"}},{"@type":"ListItem","@id":"https:\/\/www.vtmarkets.com\/fr-latam\/category\/live-updates\/#listItem","position":2,"name":"Live Updates","item":"https:\/\/www.vtmarkets.com\/fr-latam\/category\/live-updates\/","nextItem":{"@type":"ListItem","@id":"https:\/\/www.vtmarkets.com\/fr-latam\/live-updates\/schmid-de-la-fed-de-kansas-city-avertit-que-linflation-reste-preoccupante-et-pointe-les-depenses-liees-a-lia-comme-un-possible-facteur-de-hausse-des-prix\/#listItem","name":"Schmid, de la Fed de Kansas City, avertit que l\u2019inflation reste pr\u00e9occupante et pointe les d\u00e9penses li\u00e9es \u00e0 l\u2019IA comme un possible facteur de hausse des prix"},"previousItem":{"@type":"ListItem","@id":"https:\/\/www.vtmarkets.com\/fr-latam#listItem","name":"Home"}},{"@type":"ListItem","@id":"https:\/\/www.vtmarkets.com\/fr-latam\/live-updates\/schmid-de-la-fed-de-kansas-city-avertit-que-linflation-reste-preoccupante-et-pointe-les-depenses-liees-a-lia-comme-un-possible-facteur-de-hausse-des-prix\/#listItem","position":3,"name":"Schmid, de la Fed de Kansas City, avertit que l\u2019inflation reste pr\u00e9occupante et pointe les d\u00e9penses li\u00e9es \u00e0 l\u2019IA comme un possible facteur de hausse des prix","previousItem":{"@type":"ListItem","@id":"https:\/\/www.vtmarkets.com\/fr-latam\/category\/live-updates\/#listItem","name":"Live Updates"}}]},{"@type":"Organization","@id":"https:\/\/www.vtmarkets.com\/fr-latam\/#organization","name":"VT Markets","url":"https:\/\/www.vtmarkets.com\/fr-latam\/"},{"@type":"Person","@id":"https:\/\/www.vtmarkets.com\/fr-latam\/author\/josephine\/#author","url":"https:\/\/www.vtmarkets.com\/fr-latam\/author\/josephine\/","name":"josephine","image":{"@type":"ImageObject","@id":"https:\/\/www.vtmarkets.com\/fr-latam\/live-updates\/schmid-de-la-fed-de-kansas-city-avertit-que-linflation-reste-preoccupante-et-pointe-les-depenses-liees-a-lia-comme-un-possible-facteur-de-hausse-des-prix\/#authorImage","url":"https:\/\/secure.gravatar.com\/avatar\/7809ddd0668c6cd297bde70914f1903a959aa8d1a194930855d6c5b37e53a6f0?s=96&d=mm&r=g","width":96,"height":96,"caption":"josephine"}},{"@type":"WebPage","@id":"https:\/\/www.vtmarkets.com\/fr-latam\/live-updates\/schmid-de-la-fed-de-kansas-city-avertit-que-linflation-reste-preoccupante-et-pointe-les-depenses-liees-a-lia-comme-un-possible-facteur-de-hausse-des-prix\/#webpage","url":"https:\/\/www.vtmarkets.com\/fr-latam\/live-updates\/schmid-de-la-fed-de-kansas-city-avertit-que-linflation-reste-preoccupante-et-pointe-les-depenses-liees-a-lia-comme-un-possible-facteur-de-hausse-des-prix\/","name":"Schmid, de la Fed de Kansas City, avertit que l\u2019inflation reste pr\u00e9occupante et pointe les d\u00e9penses li\u00e9es \u00e0 l\u2019IA comme un possible facteur de hausse des prix - VT Markets","description":"Alerte Fed : Schmid juge la politique pas assez restrictive face \u00e0 une inflation \u00ab pr\u00e9occupante \u00bb, dop\u00e9e par l\u2019IA. Malgr\u00e9 un DXY stable, le march\u00e9 sous-pricerait des hausses de taux et un dollar plus fort.","inLanguage":"en-US","isPartOf":{"@id":"https:\/\/www.vtmarkets.com\/fr-latam\/#website"},"breadcrumb":{"@id":"https:\/\/www.vtmarkets.com\/fr-latam\/live-updates\/schmid-de-la-fed-de-kansas-city-avertit-que-linflation-reste-preoccupante-et-pointe-les-depenses-liees-a-lia-comme-un-possible-facteur-de-hausse-des-prix\/#breadcrumblist"},"author":{"@id":"https:\/\/www.vtmarkets.com\/fr-latam\/author\/josephine\/#author"},"creator":{"@id":"https:\/\/www.vtmarkets.com\/fr-latam\/author\/josephine\/#author"},"image":{"@type":"ImageObject","url":"https:\/\/www.vtmarkets.com\/fr-latam\/wp-content\/uploads\/sites\/26\/2026\/06\/usd4.png","@id":"https:\/\/www.vtmarkets.com\/fr-latam\/live-updates\/schmid-de-la-fed-de-kansas-city-avertit-que-linflation-reste-preoccupante-et-pointe-les-depenses-liees-a-lia-comme-un-possible-facteur-de-hausse-des-prix\/#mainImage","width":1408,"height":768,"caption":"Neon-lit $100 bill overlaid with a stock chart showing an upward trend,expressing financial growth."},"primaryImageOfPage":{"@id":"https:\/\/www.vtmarkets.com\/fr-latam\/live-updates\/schmid-de-la-fed-de-kansas-city-avertit-que-linflation-reste-preoccupante-et-pointe-les-depenses-liees-a-lia-comme-un-possible-facteur-de-hausse-des-prix\/#mainImage"},"datePublished":"2026-08-05T04:25:14+00:00","dateModified":"2026-08-05T04:25:14+00:00"},{"@type":"WebSite","@id":"https:\/\/www.vtmarkets.com\/fr-latam\/#website","url":"https:\/\/www.vtmarkets.com\/fr-latam\/","name":"VT Markets","inLanguage":"en-US","publisher":{"@id":"https:\/\/www.vtmarkets.com\/fr-latam\/#organization"}}]},"og:locale":"en_US","og:site_name":"VT Markets -","og:type":"article","og:title":"Schmid, de la Fed de Kansas City, avertit que l\u2019inflation reste pr\u00e9occupante et pointe les d\u00e9penses li\u00e9es \u00e0 l\u2019IA comme un possible facteur de hausse des prix - VT Markets","og:description":"Alerte Fed : Schmid juge la politique pas assez restrictive face \u00e0 une inflation \u00ab pr\u00e9occupante \u00bb, dop\u00e9e par l\u2019IA. Malgr\u00e9 un DXY stable, le march\u00e9 sous-pricerait des hausses de taux et un dollar plus fort.","og:url":"https:\/\/www.vtmarkets.com\/fr-latam\/live-updates\/schmid-de-la-fed-de-kansas-city-avertit-que-linflation-reste-preoccupante-et-pointe-les-depenses-liees-a-lia-comme-un-possible-facteur-de-hausse-des-prix\/","article:published_time":"2026-08-05T04:25:14+00:00","article:modified_time":"2026-08-05T04:25:14+00:00","twitter:card":"summary_large_image","twitter:title":"Schmid, de la Fed de Kansas City, avertit que l\u2019inflation reste pr\u00e9occupante et pointe les d\u00e9penses li\u00e9es \u00e0 l\u2019IA comme un possible facteur de hausse des prix - VT Markets","twitter:description":"Alerte Fed : Schmid juge la politique pas assez restrictive face \u00e0 une inflation \u00ab pr\u00e9occupante \u00bb, dop\u00e9e par l\u2019IA. Malgr\u00e9 un DXY stable, le march\u00e9 sous-pricerait des hausses de taux et un dollar plus fort."},"aioseo_meta_data":{"post_id":"51712","title":null,"description":null,"keywords":null,"keyphrases":null,"canonical_url":null,"og_title":null,"og_description":null,"og_object_type":"default","og_image_type":"default","og_image_custom_url":null,"og_image_custom_fields":null,"og_custom_image_width":null,"og_custom_image_height":null,"og_video":null,"og_custom_url":null,"og_article_section":null,"og_article_tags":null,"twitter_use_og":false,"twitter_card":"default","twitter_image_type":"default","twitter_image_custom_url":null,"twitter_image_custom_fields":null,"twitter_title":null,"twitter_description":null,"schema_type":null,"schema_type_options":null,"pillar_content":false,"robots_default":true,"robots_noindex":false,"robots_noarchive":false,"robots_nosnippet":false,"robots_nofollow":false,"robots_noimageindex":false,"robots_noodp":false,"robots_notranslate":false,"robots_max_snippet":null,"robots_max_videopreview":null,"robots_max_imagepreview":"none","tabs":null,"priority":null,"frequency":null,"local_seo":null,"created":"2026-08-05 04:25:14","updated":"2026-08-23 04:09:51","focus_keyword":null,"additional_keywords":null,"truseo_locale":null,"primary_term":null,"og_image_url":null,"og_image_width":null,"og_image_height":null,"twitter_image_url":null,"schema":{"blockGraphs":[],"customGraphs":[],"default":{"data":{"Article":[],"Course":[],"Dataset":[],"FAQPage":[],"Movie":[],"Person":[],"Product":[],"ProductReview":[],"Car":[],"Recipe":[],"Service":[],"SoftwareApplication":[],"WebPage":[]},"graphName":"BlogPosting","isEnabled":true},"graphs":[]},"limit_modified_date":false,"ai":null,"breadcrumb_settings":null,"seo_analyzer_scan_date":"2026-08-21 04:31:04"},"aioseo_breadcrumb":"<div class=\"aioseo-breadcrumbs\"><span class=\"aioseo-breadcrumb\">\n\t<a href=\"https:\/\/www.vtmarkets.com\/fr-latam\" title=\"Home\">Home<\/a>\n<\/span><span class=\"aioseo-breadcrumb-separator\">&raquo;<\/span><span class=\"aioseo-breadcrumb\">\n\t<a href=\"https:\/\/www.vtmarkets.com\/fr-latam\/category\/live-updates\/\" title=\"Live Updates\">Live Updates<\/a>\n<\/span><span class=\"aioseo-breadcrumb-separator\">&raquo;<\/span><span class=\"aioseo-breadcrumb\">\n\tSchmid, de la Fed de Kansas City, avertit que l\u2019inflation reste pr\u00e9occupante et pointe les d\u00e9penses li\u00e9es \u00e0 l\u2019IA comme un possible facteur de hausse des prix\n<\/span><\/div>","aioseo_breadcrumb_json":[{"label":"Home","link":"https:\/\/www.vtmarkets.com\/fr-latam"},{"label":"Live Updates","link":"https:\/\/www.vtmarkets.com\/fr-latam\/category\/live-updates\/"},{"label":"Schmid, de la Fed de Kansas City, avertit que l\u2019inflation reste pr\u00e9occupante et pointe les d\u00e9penses li\u00e9es \u00e0 l\u2019IA comme un possible facteur de hausse des prix","link":"https:\/\/www.vtmarkets.com\/fr-latam\/live-updates\/schmid-de-la-fed-de-kansas-city-avertit-que-linflation-reste-preoccupante-et-pointe-les-depenses-liees-a-lia-comme-un-possible-facteur-de-hausse-des-prix\/"}],"_links":{"self":[{"href":"https:\/\/www.vtmarkets.com\/fr-latam\/wp-json\/wp\/v2\/posts\/51712","targetHints":{"allow":["GET"]}}],"collection":[{"href":"https:\/\/www.vtmarkets.com\/fr-latam\/wp-json\/wp\/v2\/posts"}],"about":[{"href":"https:\/\/www.vtmarkets.com\/fr-latam\/wp-json\/wp\/v2\/types\/post"}],"author":[{"embeddable":true,"href":"https:\/\/www.vtmarkets.com\/fr-latam\/wp-json\/wp\/v2\/users\/87"}],"replies":[{"embeddable":true,"href":"https:\/\/www.vtmarkets.com\/fr-latam\/wp-json\/wp\/v2\/comments?post=51712"}],"version-history":[{"count":0,"href":"https:\/\/www.vtmarkets.com\/fr-latam\/wp-json\/wp\/v2\/posts\/51712\/revisions"}],"wp:featuredmedia":[{"embeddable":true,"href":"https:\/\/www.vtmarkets.com\/fr-latam\/wp-json\/wp\/v2\/media\/49261"}],"wp:attachment":[{"href":"https:\/\/www.vtmarkets.com\/fr-latam\/wp-json\/wp\/v2\/media?parent=51712"}],"wp:term":[{"taxonomy":"category","embeddable":true,"href":"https:\/\/www.vtmarkets.com\/fr-latam\/wp-json\/wp\/v2\/categories?post=51712"},{"taxonomy":"post_tag","embeddable":true,"href":"https:\/\/www.vtmarkets.com\/fr-latam\/wp-json\/wp\/v2\/tags?post=51712"}],"curies":[{"name":"wp","href":"https:\/\/api.w.org\/{rel}","templated":true}]}}